[{"@context":"https:\/\/schema.org\/","@type":"Article","@id":"https:\/\/www.wib.cz\/vanocni-uklid-vareni-peceni-i-nakupovani-jak-zvladnout-do-svatku-vsechno-a-mit-to-doma-hezke-i-bez-stresu\/#Article","mainEntityOfPage":"https:\/\/www.wib.cz\/vanocni-uklid-vareni-peceni-i-nakupovani-jak-zvladnout-do-svatku-vsechno-a-mit-to-doma-hezke-i-bez-stresu\/","headline":"V\u00e1no\u010dn\u00ed \u00faklid, va\u0159en\u00ed, pe\u010den\u00ed i nakupov\u00e1n\u00ed &#8211; Jak zvl\u00e1dnout do sv\u00e1tk\u016f v\u0161echno a m\u00edt to doma hezk\u00e9 i bez stresu?","name":"V\u00e1no\u010dn\u00ed \u00faklid, va\u0159en\u00ed, pe\u010den\u00ed i nakupov\u00e1n\u00ed &#8211; Jak zvl\u00e1dnout do sv\u00e1tk\u016f v\u0161echno a m\u00edt to doma hezk\u00e9 i bez stresu?","description":"Pro v\u011bt\u0161inu \u017een jsou V\u00e1noce ve znamen\u00ed p\u0159\u00edprav a zejm\u00e9na \u00faklidu. P\u0159ed sv\u00e1tky je t\u0159eba stihnout hodn\u011b v\u011bc\u00ed. Um\u00edte si to v\u0161echno dob\u0159e napl\u00e1novat?\u00a0 V\u00e1no\u010dn\u00ed \u00faklid, va\u0159en\u00ed, pe\u010den\u00ed i nakupov\u00e1n\u00ed \u2013 Jak zvl\u00e1dnout do sv\u00e1tk\u016f v\u0161echno a m\u00edt to doma hezk\u00e9 i bez stresu?\u00a0 Pro \u0159adu lid\u00ed jsou V\u00e1noce ty nejkr\u00e1sn\u011bj\u0161\u00ed sv\u00e1tky v roce, podle [&hellip;]","datePublished":"2024-09-24","dateModified":"2024-09-24","author":{"@type":"Person","@id":"https:\/\/www.wib.cz\/author\/#Person","name":"","url":"https:\/\/www.wib.cz\/author\/","identifier":1,"image":{"@type":"ImageObject","@id":"https:\/\/secure.gravatar.com\/avatar\/89f417dfbb336d235b856435ef935ffa51c2f646edc1f5c4e6fccf32a9c88173?s=96&d=mm&r=g","url":"https:\/\/secure.gravatar.com\/avatar\/89f417dfbb336d235b856435ef935ffa51c2f646edc1f5c4e6fccf32a9c88173?s=96&d=mm&r=g","height":96,"width":96}},"publisher":{"@type":"Organization","name":"wib.cz","logo":{"@type":"ImageObject","@id":"\/logo.png","url":"\/logo.png","width":600,"height":60}},"image":{"@type":"ImageObject","@id":"https:\/\/www.wib.cz\/wp-content\/uploads\/dirt-6752128_640_10_4.jpg","url":"https:\/\/www.wib.cz\/wp-content\/uploads\/dirt-6752128_640_10_4.jpg","height":0,"width":0},"url":"https:\/\/www.wib.cz\/vanocni-uklid-vareni-peceni-i-nakupovani-jak-zvladnout-do-svatku-vsechno-a-mit-to-doma-hezke-i-bez-stresu\/","about":["Dom\u00e1cnost"],"wordCount":644,"articleBody":"Pro v\u011bt\u0161inu \u017een jsou V\u00e1noce ve znamen\u00ed p\u0159\u00edprav a zejm\u00e9na \u00faklidu. P\u0159ed sv\u00e1tky je t\u0159eba stihnout hodn\u011b v\u011bc\u00ed. Um\u00edte si to v\u0161echno dob\u0159e napl\u00e1novat?\u00a0V\u00e1no\u010dn\u00ed \u00faklid, va\u0159en\u00ed, pe\u010den\u00ed i nakupov\u00e1n\u00ed \u2013 Jak zvl\u00e1dnout do sv\u00e1tk\u016f v\u0161echno a m\u00edt to doma hezk\u00e9 i bez stresu?\u00a0Pro \u0159adu lid\u00ed jsou V\u00e1noce ty nejkr\u00e1sn\u011bj\u0161\u00ed sv\u00e1tky v roce, podle toho vypadaj\u00ed i p\u0159\u00edpravy na n\u011b, proto\u017ee ty obvykle obn\u00e1\u0161\u00ed celou \u0159adu \u00fakol\u016f, kter\u00e9 prost\u011b nelze stihnout a\u017e t\u011bsn\u011b p\u0159ed sv\u00e1tky. Tak\u00e9 adventn\u00ed doba je pln\u00e1 kouzel a je t\u0159eba si t\u011b\u0161en\u00ed na V\u00e1noce u\u017e\u00edt \u00fapln\u011b jinak ne\u017e jen \u00faklidem, pe\u010den\u00edm nebo nakupov\u00e1n\u00edm. Tak\u00e9 si ka\u017ed\u00fd rok st\u00e1le dokola opakujete, \u017ee letos u\u017e ur\u010dit\u011b mus\u00edte se v\u0161\u00edm za\u010d\u00edt d\u0159\u00edve? Zkuste to letos skute\u010dn\u011b dodr\u017eet a vrhn\u011bte se do v\u00e1no\u010dn\u00edch p\u0159\u00edprav s p\u0159edstihem. Pak u\u017e si b\u011bhem adventu m\u016f\u017eete opravdu jen u\u017e\u00edvat tu pohodu. S \u010d\u00edm za\u010d\u00edt a hlavn\u011b kdy? Jd\u011bte na to rozumn\u011b a sestavte si pl\u00e1n, kter\u00fd v\u00e1m pom\u016f\u017ee v\u0161echno zvl\u00e1dnout.\u00a0Velk\u00fd \u00faklid u\u017e v listopadu\u00a0Co si p\u0159edstav\u00edte, kdy\u017e se \u0159ekne v\u00e1no\u010dn\u00ed \u00faklid? Jist\u011b velk\u00fd a d\u016fkladn\u00fd \u00faklid, proto\u017ee je to ten nejv\u011bt\u0161\u00ed \u00faklid v dom\u00e1cnosti za cel\u00fd rok. I kdy\u017e pe\u010dliv\u011b ukl\u00edz\u00edme pravideln\u011b, nikdy ne tak d\u016fkladn\u011b jako pr\u00e1v\u011b p\u0159ed V\u00e1noci. Ka\u017ed\u00e1 \u017eena chce m\u00edt na V\u00e1noce doma tak \u010disto, \u017ee by se dalo j\u00edst z podlahy, ba co v\u00edc, na V\u00e1noce by m\u011blo b\u00fdt uklizeno v\u0161echno tak dokonale, \u017ee se b\u011bhem \u00faklidu dostanete na m\u00edsta, kter\u00e1 b\u011b\u017en\u011b neukl\u00edz\u00edte. Proto je t\u0159eba za\u010d\u00edt u\u017e v listopadu. Nejde jen o myt\u00ed oken a \u017ealuzi\u00ed, je t\u0159eba vyprat pe\u0159iny, vy\u010distit matrace nebo sedac\u00ed soupravu, pokud je to t\u0159eba i koberec. Kdy\u017e si p\u0159edstav\u00edte, \u017ee v ka\u017ed\u00e9 m\u00edstnosti byste m\u011bli ut\u0159\u00edt prach a om\u00fdt i v\u011bci, na kter\u00e9 se p\u0159irozen\u011b pr\u00e1\u0161\u00ed a jsou kdekoliv po byt\u011b voln\u011b lo\u017eeny, uv\u011bdom\u00edte si, \u017ee je toho opravdu hodn\u011b. P\u0159ed V\u00e1noci je dobr\u00e9 ud\u011blat i\u00a0po\u0159\u00e1dek ve sk\u0159\u00edn\u00edch a sk\u0159\u00ed\u0148k\u00e1ch, je vhodn\u00e9 uvolnit m\u00edsto na nov\u00e9 v\u011bci, kter\u00e9 jist\u011b budou pod v\u00e1no\u010dn\u00edm stromkem.\u00a0Za\u010dn\u011bte tedy v listopadu a na konkr\u00e9tn\u00ed dny si ur\u010dete konkr\u00e9tn\u00ed \u00fakoly. Za\u010dn\u011bte m\u00edstnost po m\u00edstnosti a nezapome\u0148te na kuchyni, kde n\u00e1sledn\u011b budete p\u0159ipravovat v\u0161echny ty dobroty na v\u00e1no\u010dn\u00ed tabuli. I b\u011bhem pe\u010den\u00ed jist\u011b ocen\u00edte, kdy\u017e bude kuchyn\u011b \u010dist\u00e1 a \u00fatuln\u00e1. V ka\u017ed\u00e9 m\u00edstnosti, kterou se chyst\u00e1te uklidit, se rozhl\u00e9dn\u011bte a za\u010dn\u011bte kousek po kousku, kout po kout\u011b. No, a kdy\u017e budete m\u00edt pr\u00e1ci rozd\u011blenou, v\u0161echno p\u016fjde mnohem l\u00e9pe a bez stresov\u00fdch situac\u00ed.\u00a0Pak u\u017e si jen u\u017e\u00edvejte\u00a0Kdy\u017e budete m\u00edt na za\u010d\u00e1tku adventu \u00faklid za sebou, budete jen dola\u010fovat detaily a m\u016f\u017eete si u\u017e\u00edvat atmosf\u00e9ru V\u00e1noc pln\u00fdmi dou\u0161ky, v\u017edy\u0165 n\u00e1m tak\u00e9 v\u017edycky velmi rychle skon\u010d\u00ed. Budete m\u00edt v\u00edce \u010dasu na d\u011bti, rodinu, p\u0159\u00e1tele a v\u00e1no\u010dn\u00ed ve\u010d\u00edrky. M\u016f\u017eete u\u017e jen p\u00e9ct cukrov\u00ed, balit a nakupovat d\u00e1rky a letm\u00fd \u00faklid zvl\u00e1dnete a\u017e p\u0159ed samotn\u00fdm \u0160t\u011bdr\u00fdm dnem.\u00a0                                                                                                                                                                                                                                                                                                                                                                                        5\/5 - (1 vote)        "},{"@context":"https:\/\/schema.org\/","@type":"BreadcrumbList","itemListElement":[{"@type":"ListItem","position":1,"name":"V\u00e1no\u010dn\u00ed \u00faklid, va\u0159en\u00ed, pe\u010den\u00ed i nakupov\u00e1n\u00ed &#8211; Jak zvl\u00e1dnout do sv\u00e1tk\u016f v\u0161echno a m\u00edt to doma hezk\u00e9 i bez stresu?","item":"https:\/\/www.wib.cz\/vanocni-uklid-vareni-peceni-i-nakupovani-jak-zvladnout-do-svatku-vsechno-a-mit-to-doma-hezke-i-bez-stresu\/#breadcrumbitem"}]}]