[{"@context":"https:\/\/schema.org\/","@type":"Article","@id":"https:\/\/www.wib.cz\/problem-zvany-covid\/#Article","mainEntityOfPage":"https:\/\/www.wib.cz\/problem-zvany-covid\/","headline":"Probl\u00e9m zvan\u00fd covid","name":"Probl\u00e9m zvan\u00fd covid","description":"Pamatujete si na konec zimy v roce 2020? Jen m\u00e1lokdo by si nevzpomn\u011bl jak ve zpr\u00e1v\u00e1ch ka\u017ed\u00fd den sledoval \u0161\u00ed\u0159en\u00ed nov\u00e9ho, a v t\u00e9 dob\u011b z\u00e1hadn\u00e9ho respira\u010dn\u00edho onemocn\u011bn\u00ed. V televizi jsme vid\u011bli jak lid\u00e9 odpad\u00e1vali na ulic\u00edch, um\u00edrali na m\u00edst\u011b, a v\u0161ichni si jist\u011b vybav\u00edme, jak jsme byli nuceni z\u016fst\u00e1vat doma. Nikdo v podstat\u011b nesm\u011bl [&hellip;]","datePublished":"2024-02-14","dateModified":"2024-03-15","author":{"@type":"Person","@id":"https:\/\/www.wib.cz\/author\/#Person","name":"","url":"https:\/\/www.wib.cz\/author\/","identifier":1,"image":{"@type":"ImageObject","@id":"https:\/\/secure.gravatar.com\/avatar\/89f417dfbb336d235b856435ef935ffa51c2f646edc1f5c4e6fccf32a9c88173?s=96&d=mm&r=g","url":"https:\/\/secure.gravatar.com\/avatar\/89f417dfbb336d235b856435ef935ffa51c2f646edc1f5c4e6fccf32a9c88173?s=96&d=mm&r=g","height":96,"width":96}},"publisher":{"@type":"Organization","name":"wib.cz","logo":{"@type":"ImageObject","@id":"\/logo.png","url":"\/logo.png","width":600,"height":60}},"image":{"@type":"ImageObject","@id":"https:\/\/www.wib.cz\/wp-content\/uploads\/covid-19-5000501_640_3.jpg","url":"https:\/\/www.wib.cz\/wp-content\/uploads\/covid-19-5000501_640_3.jpg","height":0,"width":0},"url":"https:\/\/www.wib.cz\/problem-zvany-covid\/","about":["Zbo\u017e\u00ed"],"wordCount":398,"articleBody":"   Pamatujete si na konec zimy v roce 2020? Jen m\u00e1lokdo by si nevzpomn\u011bl jak ve zpr\u00e1v\u00e1ch ka\u017ed\u00fd den sledoval \u0161\u00ed\u0159en\u00ed nov\u00e9ho, a v t\u00e9 dob\u011b z\u00e1hadn\u00e9ho respira\u010dn\u00edho onemocn\u011bn\u00ed. V televizi jsme vid\u011bli jak lid\u00e9 odpad\u00e1vali na ulic\u00edch, um\u00edrali na m\u00edst\u011b, a v\u0161ichni si jist\u011b vybav\u00edme, jak jsme byli nuceni z\u016fst\u00e1vat doma. Nikdo v podstat\u011b nesm\u011bl ven, v\u0161echno se zav\u0159elo a panovala p\u0159\u00edsn\u00e1 opat\u0159en\u00ed, kter\u00e1 m\u011bla zamezit \u0161\u00ed\u0159en\u00ed do cel\u00e9ho sv\u011bta. Bohu\u017eel se tak nestalo a zanedlouho jsme m\u011bli prvn\u00ed p\u0159\u00edpady i u n\u00e1s. Vl\u00e1da tak hledala zp\u016fsoby jak \u0161\u00ed\u0159en\u00ed alespo\u0148 u n\u00e1s zpomalit aby nedoch\u00e1zelo k p\u0159et\u00ed\u017een\u00ed zdravotnick\u00fdch za\u0159\u00edzen\u00ed. V\u0161ichni byli vyd\u011b\u0161en\u00ed, vystresovan\u00ed a s nad\u011bj\u00ed vyhl\u00ed\u017eeli zm\u011bnu.Ta p\u0159i\u0161la s testy Antigenn\u00ed testy byly velkou novinou, pomoc\u00ed kter\u00e9 se mohl ka\u017ed\u00fd testovat, zda covid n\u00e1hodou nem\u00e1. Testy pom\u00e1haly zpomalen\u00ed \u0161\u00ed\u0159en\u00ed nemoci, proto\u017ee pokud si n\u011bkdo test ud\u011blal a byl pozitivn\u00ed, musel z\u016fstat doma a dodr\u017eovat p\u0159\u00edsn\u00e1 hygienick\u00e1 pravidla. Existovaly testy kter\u00e9 se prov\u00e1d\u011bly v\u00fdt\u011brem z nosohltanu, a daly se d\u011blat jen v nemocnici, a v\u011bt\u0161ina lid\u00ed se jim vyh\u00fdbala co to \u0161lo. Tento typ testu je toti\u017e velice nep\u0159\u00edjemn\u00fd a pro citliv\u011bj\u0161\u00ed jedince i velice bolestiv\u00fd.Proto vznik a roz\u0161\u00ed\u0159en\u00ed antigenn\u00edch test\u016f kvitovala v\u011bt\u0161ina lid\u00ed s povd\u011bkem. Testy se ale rychle vyprodaly, proto\u017ee si je museli lid\u00e9 d\u011blat povinn\u011b. Dnes u\u017e povinnost testov\u00e1n\u00ed nen\u00ed, ale vzhledem k tomu \u017ee covid nezmizel a st\u00e1le se objevuje ka\u017edou sezonu tak jako nachlazen\u00ed a nebo ch\u0159ipka, je dobr\u00e9 se m\u00edt st\u00e1le na pozoru.Flowflex je jedn\u00edm z v\u00fdrobc\u016f antigenn\u00edch test\u016f, kter\u00e9 se prod\u00e1vaj\u00ed v men\u0161\u00edch i v\u011bt\u0161\u00edch balen\u00edch. Tento test je velice citliv\u00fd, m\u00e1 velice dobrou p\u0159enost a za p\u00e1r minut uvid\u00edte, zda covid m\u00e1te \u010di nikoliv. Testy se prov\u00e1d\u00ed nen\u00e1silnou formou pomoc\u00ed st\u011bru z p\u0159edn\u00ed strany nosn\u00ed d\u00edrky, tak\u017ee v\u00e1s nic bolet nebude. Testujte se i dnes, m\u00e1 to smysl.                                                                                                                                                                                                                                                                                                                                                                                          3.6\/5 - (5 votes)        "},{"@context":"https:\/\/schema.org\/","@type":"BreadcrumbList","itemListElement":[{"@type":"ListItem","position":1,"name":"Probl\u00e9m zvan\u00fd covid","item":"https:\/\/www.wib.cz\/problem-zvany-covid\/#breadcrumbitem"}]}]