[{"@context":"https:\/\/schema.org\/","@type":"Blog","@id":"https:\/\/www.wib.cz#Blog","headline":"Wib","description":"\nLid\u00e9 dnes nemohou v\u011bd\u011bt a um\u011bt v\u0161echno. Je toho na n\u011b prost\u011b moc. A aby zvl\u00e1dali nezvladateln\u00e9, slou\u017e\u00ed jim weby jako je t\u0159eba zrovna ten n\u00e1\u0161.","url":"https:\/\/www.wib.cz","hasPart":[{"@type":"Article","@id":"https:\/\/www.wib.cz\/jak-se-financne-pripravit-na-penzi\/","headline":"Jak se finan\u010dn\u011b p\u0159ipravit na penzi","url":"https:\/\/www.wib.cz\/jak-se-financne-pripravit-na-penzi\/","datePublished":"2023-09-19","dateModified":"2024-01-25","mainEntityOfPage":"https:\/\/www.wib.cz\/jak-se-financne-pripravit-na-penzi\/","author":{"@type":"Person","@id":"https:\/\/www.wib.cz\/author\/#Person","name":"","url":"https:\/\/www.wib.cz\/author\/","identifier":1,"image":{"@type":"ImageObject","@id":"https:\/\/secure.gravatar.com\/avatar\/89f417dfbb336d235b856435ef935ffa51c2f646edc1f5c4e6fccf32a9c88173?s=96&d=mm&r=g","url":"https:\/\/secure.gravatar.com\/avatar\/89f417dfbb336d235b856435ef935ffa51c2f646edc1f5c4e6fccf32a9c88173?s=96&d=mm&r=g","height":96,"width":96}},"publisher":{"@type":"Organization","name":"wib.cz","logo":{"@type":"ImageObject","@id":"\/logo.png","url":"\/logo.png","width":600,"height":60}},"image":{"@type":"ImageObject","@id":"https:\/\/www.wib.cz\/wp-content\/uploads\/lide2_2.jpg","url":"https:\/\/www.wib.cz\/wp-content\/uploads\/lide2_2.jpg","height":0,"width":0},"wordCount":936,"keywords":null},{"@type":"Article","@id":"https:\/\/www.wib.cz\/prenest-klavir-muze-byt-narocne\/","headline":"P\u0159en\u00e9st klav\u00edr m\u016f\u017ee b\u00fdt n\u00e1ro\u010dn\u00e9","url":"https:\/\/www.wib.cz\/prenest-klavir-muze-byt-narocne\/","datePublished":"2023-08-17","dateModified":"2023-08-17","mainEntityOfPage":"https:\/\/www.wib.cz\/prenest-klavir-muze-byt-narocne\/","author":{"@type":"Person","@id":"https:\/\/www.wib.cz\/author\/#Person","name":"","url":"https:\/\/www.wib.cz\/author\/","identifier":1,"image":{"@type":"ImageObject","@id":"https:\/\/secure.gravatar.com\/avatar\/89f417dfbb336d235b856435ef935ffa51c2f646edc1f5c4e6fccf32a9c88173?s=96&d=mm&r=g","url":"https:\/\/secure.gravatar.com\/avatar\/89f417dfbb336d235b856435ef935ffa51c2f646edc1f5c4e6fccf32a9c88173?s=96&d=mm&r=g","height":96,"width":96}},"publisher":{"@type":"Organization","name":"wib.cz","logo":{"@type":"ImageObject","@id":"\/logo.png","url":"\/logo.png","width":600,"height":60}},"image":null,"wordCount":287,"keywords":null},{"@type":"Article","@id":"https:\/\/www.wib.cz\/dokumenty-pohromade\/","headline":"Dokumenty pohromad\u011b","url":"https:\/\/www.wib.cz\/dokumenty-pohromade\/","datePublished":"2023-07-12","dateModified":"2023-07-12","mainEntityOfPage":"https:\/\/www.wib.cz\/dokumenty-pohromade\/","author":{"@type":"Person","@id":"https:\/\/www.wib.cz\/author\/#Person","name":"","url":"https:\/\/www.wib.cz\/author\/","identifier":1,"image":{"@type":"ImageObject","@id":"https:\/\/secure.gravatar.com\/avatar\/89f417dfbb336d235b856435ef935ffa51c2f646edc1f5c4e6fccf32a9c88173?s=96&d=mm&r=g","url":"https:\/\/secure.gravatar.com\/avatar\/89f417dfbb336d235b856435ef935ffa51c2f646edc1f5c4e6fccf32a9c88173?s=96&d=mm&r=g","height":96,"width":96}},"publisher":{"@type":"Organization","name":"wib.cz","logo":{"@type":"ImageObject","@id":"\/logo.png","url":"\/logo.png","width":600,"height":60}},"image":null,"wordCount":285,"keywords":null},{"@type":"Article","@id":"https:\/\/www.wib.cz\/nenechte-si-tvrdou-vodou-znicit-leto\/","headline":"Nenechte si tvrdou vodou zni\u010dit l\u00e9to.","url":"https:\/\/www.wib.cz\/nenechte-si-tvrdou-vodou-znicit-leto\/","datePublished":"2023-07-10","dateModified":"2023-07-10","mainEntityOfPage":"https:\/\/www.wib.cz\/nenechte-si-tvrdou-vodou-znicit-leto\/","author":{"@type":"Person","@id":"https:\/\/www.wib.cz\/author\/#Person","name":"","url":"https:\/\/www.wib.cz\/author\/","identifier":1,"image":{"@type":"ImageObject","@id":"https:\/\/secure.gravatar.com\/avatar\/89f417dfbb336d235b856435ef935ffa51c2f646edc1f5c4e6fccf32a9c88173?s=96&d=mm&r=g","url":"https:\/\/secure.gravatar.com\/avatar\/89f417dfbb336d235b856435ef935ffa51c2f646edc1f5c4e6fccf32a9c88173?s=96&d=mm&r=g","height":96,"width":96}},"publisher":{"@type":"Organization","name":"wib.cz","logo":{"@type":"ImageObject","@id":"\/logo.png","url":"\/logo.png","width":600,"height":60}},"image":{"@type":"ImageObject","@id":"https:\/\/www.wib.cz\/wp-content\/uploads\/teapot-gc86c7fbba_1280.jpg","url":"https:\/\/www.wib.cz\/wp-content\/uploads\/teapot-gc86c7fbba_1280.jpg","height":0,"width":0},"wordCount":542,"keywords":null},{"@type":"Article","@id":"https:\/\/www.wib.cz\/lze-mit-sidlo-firmy-v-byte\/","headline":"Lze m\u00edt s\u00eddlo firmy v byt\u011b?","url":"https:\/\/www.wib.cz\/lze-mit-sidlo-firmy-v-byte\/","datePublished":"2023-06-21","dateModified":"2023-06-21","mainEntityOfPage":"https:\/\/www.wib.cz\/lze-mit-sidlo-firmy-v-byte\/","author":{"@type":"Person","@id":"https:\/\/www.wib.cz\/author\/#Person","name":"","url":"https:\/\/www.wib.cz\/author\/","identifier":1,"image":{"@type":"ImageObject","@id":"https:\/\/secure.gravatar.com\/avatar\/89f417dfbb336d235b856435ef935ffa51c2f646edc1f5c4e6fccf32a9c88173?s=96&d=mm&r=g","url":"https:\/\/secure.gravatar.com\/avatar\/89f417dfbb336d235b856435ef935ffa51c2f646edc1f5c4e6fccf32a9c88173?s=96&d=mm&r=g","height":96,"width":96}},"publisher":{"@type":"Organization","name":"wib.cz","logo":{"@type":"ImageObject","@id":"\/logo.png","url":"\/logo.png","width":600,"height":60}},"image":{"@type":"ImageObject","@id":"https:\/\/www.wib.cz\/wp-content\/uploads\/firma3_10_8.jpg","url":"https:\/\/www.wib.cz\/wp-content\/uploads\/firma3_10_8.jpg","height":0,"width":0},"wordCount":584,"keywords":null},{"@type":"Article","@id":"https:\/\/www.wib.cz\/letni-dovolena-u-more\/","headline":"Letn\u00ed dovolen\u00e1 u mo\u0159e","url":"https:\/\/www.wib.cz\/letni-dovolena-u-more\/","datePublished":"2023-06-04","dateModified":"2024-06-05","mainEntityOfPage":"https:\/\/www.wib.cz\/letni-dovolena-u-more\/","author":{"@type":"Person","@id":"https:\/\/www.wib.cz\/author\/#Person","name":"","url":"https:\/\/www.wib.cz\/author\/","identifier":1,"image":{"@type":"ImageObject","@id":"https:\/\/secure.gravatar.com\/avatar\/89f417dfbb336d235b856435ef935ffa51c2f646edc1f5c4e6fccf32a9c88173?s=96&d=mm&r=g","url":"https:\/\/secure.gravatar.com\/avatar\/89f417dfbb336d235b856435ef935ffa51c2f646edc1f5c4e6fccf32a9c88173?s=96&d=mm&r=g","height":96,"width":96}},"publisher":{"@type":"Organization","name":"wib.cz","logo":{"@type":"ImageObject","@id":"\/logo.png","url":"\/logo.png","width":600,"height":60}},"image":null,"wordCount":292,"keywords":null},{"@type":"Article","@id":"https:\/\/www.wib.cz\/lide-a-jejich-domacnost\/","headline":"Lid\u00e9 a jejich dom\u00e1cnost","url":"https:\/\/www.wib.cz\/lide-a-jejich-domacnost\/","datePublished":"2023-05-29","dateModified":"2024-04-29","mainEntityOfPage":"https:\/\/www.wib.cz\/lide-a-jejich-domacnost\/","author":{"@type":"Person","@id":"https:\/\/www.wib.cz\/author\/#Person","name":"","url":"https:\/\/www.wib.cz\/author\/","identifier":1,"image":{"@type":"ImageObject","@id":"https:\/\/secure.gravatar.com\/avatar\/89f417dfbb336d235b856435ef935ffa51c2f646edc1f5c4e6fccf32a9c88173?s=96&d=mm&r=g","url":"https:\/\/secure.gravatar.com\/avatar\/89f417dfbb336d235b856435ef935ffa51c2f646edc1f5c4e6fccf32a9c88173?s=96&d=mm&r=g","height":96,"width":96}},"publisher":{"@type":"Organization","name":"wib.cz","logo":{"@type":"ImageObject","@id":"\/logo.png","url":"\/logo.png","width":600,"height":60}},"image":{"@type":"ImageObject","@id":"https:\/\/www.wib.cz\/wp-content\/uploads\/kitchen-2165756_640_10_4.jpg","url":"https:\/\/www.wib.cz\/wp-content\/uploads\/kitchen-2165756_640_10_4.jpg","height":0,"width":0},"wordCount":914,"keywords":null},{"@type":"Article","@id":"https:\/\/www.wib.cz\/deti-a-penize\/","headline":"D\u011bti a pen\u00edze","url":"https:\/\/www.wib.cz\/deti-a-penize\/","datePublished":"2023-05-28","dateModified":"2024-03-28","mainEntityOfPage":"https:\/\/www.wib.cz\/deti-a-penize\/","author":{"@type":"Person","@id":"https:\/\/www.wib.cz\/author\/#Person","name":"","url":"https:\/\/www.wib.cz\/author\/","identifier":1,"image":{"@type":"ImageObject","@id":"https:\/\/secure.gravatar.com\/avatar\/89f417dfbb336d235b856435ef935ffa51c2f646edc1f5c4e6fccf32a9c88173?s=96&d=mm&r=g","url":"https:\/\/secure.gravatar.com\/avatar\/89f417dfbb336d235b856435ef935ffa51c2f646edc1f5c4e6fccf32a9c88173?s=96&d=mm&r=g","height":96,"width":96}},"publisher":{"@type":"Organization","name":"wib.cz","logo":{"@type":"ImageObject","@id":"\/logo.png","url":"\/logo.png","width":600,"height":60}},"image":{"@type":"ImageObject","@id":"https:\/\/www.wib.cz\/wp-content\/uploads\/money-2298511_1280_1.jpg","url":"https:\/\/www.wib.cz\/wp-content\/uploads\/money-2298511_1280_1.jpg","height":0,"width":0},"wordCount":900,"keywords":null},{"@type":"Article","@id":"https:\/\/www.wib.cz\/kdyz-je-problem-s-penezi\/","headline":"Kdy\u017e je probl\u00e9m s pen\u011bzi&#8230;","url":"https:\/\/www.wib.cz\/kdyz-je-problem-s-penezi\/","datePublished":"2023-04-18","dateModified":"2023-12-20","mainEntityOfPage":"https:\/\/www.wib.cz\/kdyz-je-problem-s-penezi\/","author":{"@type":"Person","@id":"https:\/\/www.wib.cz\/author\/#Person","name":"","url":"https:\/\/www.wib.cz\/author\/","identifier":1,"image":{"@type":"ImageObject","@id":"https:\/\/secure.gravatar.com\/avatar\/89f417dfbb336d235b856435ef935ffa51c2f646edc1f5c4e6fccf32a9c88173?s=96&d=mm&r=g","url":"https:\/\/secure.gravatar.com\/avatar\/89f417dfbb336d235b856435ef935ffa51c2f646edc1f5c4e6fccf32a9c88173?s=96&d=mm&r=g","height":96,"width":96}},"publisher":{"@type":"Organization","name":"wib.cz","logo":{"@type":"ImageObject","@id":"\/logo.png","url":"\/logo.png","width":600,"height":60}},"image":{"@type":"ImageObject","@id":"https:\/\/www.wib.cz\/wp-content\/uploads\/dollars-499481_1280_6.jpg","url":"https:\/\/www.wib.cz\/wp-content\/uploads\/dollars-499481_1280_6.jpg","height":0,"width":0},"wordCount":976,"keywords":null},{"@type":"Article","@id":"https:\/\/www.wib.cz\/dlouhodoba-deprese\/","headline":"Dlouhodob\u00e1 deprese","url":"https:\/\/www.wib.cz\/dlouhodoba-deprese\/","datePublished":"2023-04-15","dateModified":"2024-04-16","mainEntityOfPage":"https:\/\/www.wib.cz\/dlouhodoba-deprese\/","author":{"@type":"Person","@id":"https:\/\/www.wib.cz\/author\/#Person","name":"","url":"https:\/\/www.wib.cz\/author\/","identifier":1,"image":{"@type":"ImageObject","@id":"https:\/\/secure.gravatar.com\/avatar\/89f417dfbb336d235b856435ef935ffa51c2f646edc1f5c4e6fccf32a9c88173?s=96&d=mm&r=g","url":"https:\/\/secure.gravatar.com\/avatar\/89f417dfbb336d235b856435ef935ffa51c2f646edc1f5c4e6fccf32a9c88173?s=96&d=mm&r=g","height":96,"width":96}},"publisher":{"@type":"Organization","name":"wib.cz","logo":{"@type":"ImageObject","@id":"\/logo.png","url":"\/logo.png","width":600,"height":60}},"image":null,"wordCount":511,"keywords":null}]},{"@context":"https:\/\/schema.org","@type":"WebSite","@id":"https:\/\/www.wib.cz\/#website","name":"Wib","url":"https:\/\/www.wib.cz","potentialAction":{"@type":"SearchAction","target":"https:\/\/www.wib.cz\/?s={search_term_string}","query-input":"required name=search_term_string"}}]