[{"@context":"https:\/\/schema.org\/","@type":"Article","@id":"https:\/\/www.wib.cz\/my-lide-se-oblekame\/#Article","mainEntityOfPage":"https:\/\/www.wib.cz\/my-lide-se-oblekame\/","headline":"My lid\u00e9 se obl\u00e9k\u00e1me","name":"My lid\u00e9 se obl\u00e9k\u00e1me","description":"Kdykoliv my lid\u00e9 nejsme sami, jsme oble\u010deni. I kdy\u017e jsou pochopiteln\u011b i odli\u0161n\u00e9 situace; oble\u010deni jsme nap\u0159\u00edklad i tehdy, kdy\u017e sami jsme, a naopak m\u016f\u017eeme b\u00fdt v jist\u00fdch intimn\u00edch situac\u00edch naz\u00ed, i kdy\u017e sami nejsme. Ale obvykle se prost\u011b obl\u00e9k\u00e1me a u toho tentokr\u00e1t i z\u016fsta\u0148me. Prost\u011b nos\u00edme oble\u010den\u00ed. A obvykle nenos\u00edme st\u00e1le tot\u00e9\u017e, ale [&hellip;]","datePublished":"2023-12-17","dateModified":"2024-01-18","author":{"@type":"Person","@id":"https:\/\/www.wib.cz\/author\/#Person","name":"","url":"https:\/\/www.wib.cz\/author\/","identifier":1,"image":{"@type":"ImageObject","@id":"https:\/\/secure.gravatar.com\/avatar\/89f417dfbb336d235b856435ef935ffa51c2f646edc1f5c4e6fccf32a9c88173?s=96&d=mm&r=g","url":"https:\/\/secure.gravatar.com\/avatar\/89f417dfbb336d235b856435ef935ffa51c2f646edc1f5c4e6fccf32a9c88173?s=96&d=mm&r=g","height":96,"width":96}},"publisher":{"@type":"Organization","name":"wib.cz","logo":{"@type":"ImageObject","@id":"\/logo.png","url":"\/logo.png","width":600,"height":60}},"image":{"@type":"ImageObject","@id":"https:\/\/www.wib.cz\/wp-content\/uploads\/%C5%A1_3.jpg","url":"https:\/\/www.wib.cz\/wp-content\/uploads\/%C5%A1_3.jpg","height":0,"width":0},"url":"https:\/\/www.wib.cz\/my-lide-se-oblekame\/","about":["Zbo\u017e\u00ed"],"wordCount":409,"articleBody":"   Kdykoliv my lid\u00e9 nejsme sami, jsme oble\u010deni. I kdy\u017e jsou pochopiteln\u011b i odli\u0161n\u00e9 situace; oble\u010deni jsme nap\u0159\u00edklad i tehdy, kdy\u017e sami jsme, a naopak m\u016f\u017eeme b\u00fdt v jist\u00fdch intimn\u00edch situac\u00edch naz\u00ed, i kdy\u017e sami nejsme. Ale obvykle se prost\u011b obl\u00e9k\u00e1me a u toho tentokr\u00e1t i z\u016fsta\u0148me.Prost\u011b nos\u00edme oble\u010den\u00ed. A obvykle nenos\u00edme st\u00e1le tot\u00e9\u017e, ale p\u0159izp\u016fsobujeme sv\u016fj od\u011bv tomu, co se v dan\u00e9 situaci nosit m\u00e1 nebo i p\u0159\u00edmo mus\u00ed. Nemus\u00edm zach\u00e1zet do detail\u016f, \u017ee? Nejsp\u00ed\u0161e to v\u0161ichni aspo\u0148 v tom nejz\u00e1kladn\u011bj\u0161\u00edm zn\u00e1te.Ale oble\u010den\u00ed stoj\u00ed pen\u00edze. A proto si ho obvykle \u0161et\u0159\u00edme, abychom nemuseli zbyte\u010dn\u011b vynakl\u00e1dat dal\u0161\u00ed a dal\u0161\u00ed prost\u0159edky na n\u00e1kup toho, co se mus\u00ed pro p\u0159\u00edli\u0161n\u00e9 opot\u0159eben\u00ed nebo n\u011bjak\u00e9 po\u0161kozen\u00ed vyhodit. Kdy\u017e to jde, zesilujeme si nap\u0159\u00edklad kolena na kalhot\u00e1ch, kapsy nebo jinak v\u00edce zat\u011b\u017eovan\u00e1 m\u00edsta na od\u011bvu dal\u0161\u00ed vrstvou l\u00e1tky. A chceme-li, aby \u0161lo o n\u011bco, co vydr\u017e\u00ed, s\u00e1z\u00edme na \u0161us\u0165\u00e1kovinu.Takov\u00e1 \u0161us\u0165\u00e1kovina metr\u00e1\u017e https:\/\/www.prima-obchod.cz\/produkty\/latky\/softshell-sustakovina-riflovina-microfiber\/sustakovina toti\u017e chr\u00e1n\u00ed na\u0161e oble\u010den\u00ed na m\u00edstech, kter\u00e1 by nejd\u0159\u00edve podlehla zubu \u010dasu a p\u0159inutila n\u00e1s zm\u011bnit garderobu. Ta je toti\u017e vysoce odoln\u00e1 proti od\u011bru, tahu, rozed\u0159en\u00ed a z\u00e1t\u011b\u017ei, a t\u00edm p\u00e1dem slou\u017e\u00ed jako dokonal\u00e1 ochrana jin\u00fdch od\u011bv\u016f.I kdy\u017e samoz\u0159ejm\u011b nejen od\u011bv\u016f. Naj\u00edt ji m\u016f\u017eeme i na d\u011btsk\u00fdch ko\u010d\u00e1rc\u00edch, zavazadlech, d\u011blaj\u00ed se z n\u00ed obaly na n\u00e1\u0159ad\u00ed i pel\u00ed\u0161ky pro zv\u00ed\u0159ata, nal\u00e9z\u00e1 uplatn\u011bn\u00ed p\u0159i v\u00fdrob\u011b sportovn\u00edch a vojensk\u00fdch od\u011bv\u016f\u2026 Prost\u011b je prosp\u011b\u0161n\u00e1 v\u0161ude tam, kde se chceme ubr\u00e1nit p\u0159ed\u010dasn\u011b opot\u0159ebovan\u00e9mu oble\u010den\u00ed a kde se chceme spolehnout na odolnost materi\u00e1lu. A proto je tato l\u00e1tka v mnoha p\u0159\u00edpadech pro n\u00e1s lidi nenahraditeln\u00e1. A sh\u00e1n\u00edme ji. Co\u017e u\u017e nen\u00ed v dne\u0161n\u00ed dob\u011b probl\u00e9m, proto\u017ee tato nen\u00ed ni\u010d\u00edm nedostatkov\u00fdm a cenov\u011b nedostupn\u00fdm. A t\u0159eba i d\u00edky n\u00ed pak nechod\u00edme v prod\u0159en\u00e9m, roztrhan\u00e9m nebo jinak znehodnocen\u00e9m oble\u010den\u00ed.                                                                                                                                                                                                                                                                                                                                                                                          4.6\/5 - (9 votes)        "},{"@context":"https:\/\/schema.org\/","@type":"BreadcrumbList","itemListElement":[{"@type":"ListItem","position":1,"name":"My lid\u00e9 se obl\u00e9k\u00e1me","item":"https:\/\/www.wib.cz\/my-lide-se-oblekame\/#breadcrumbitem"}]}]