[{"@context":"https:\/\/schema.org\/","@type":"Article","@id":"https:\/\/www.wib.cz\/ceho-si-vase-navsteva-u-vas-doma-nejvice-vsimne\/#Article","mainEntityOfPage":"https:\/\/www.wib.cz\/ceho-si-vase-navsteva-u-vas-doma-nejvice-vsimne\/","headline":"\u010ceho si va\u0161e n\u00e1v\u0161t\u011bva u v\u00e1s doma nejv\u00edce v\u0161imne","name":"\u010ceho si va\u0161e n\u00e1v\u0161t\u011bva u v\u00e1s doma nejv\u00edce v\u0161imne","description":"Kdy\u017e m\u00e1te v pl\u00e1nu uspo\u0159\u00e1dat n\u011bjakou rodinnou oslavu a pozvat v\u00edce host\u016f, budete si z\u0159ejm\u011b d\u011blat starosti s t\u00edm, aby byl v\u00e1\u0161 p\u0159\u00edbytek dostate\u010dn\u011b reprezentativn\u00ed. V prvn\u00ed \u0159ad\u011b mus\u00ed b\u00fdt uklizen\u00fd a \u010dist\u00fd. Nemus\u00edte m\u00edt obavy ohledn\u011b preferenc\u00ed va\u0161eho stylu, n\u011bkomu vyhovuje retro, jin\u00fd d\u00e1v\u00e1 p\u0159ednost modern\u011b, a toto neb\u00fdv\u00e1 probl\u00e9m pochopit, mnohem hor\u0161\u00ed je, [&hellip;]","datePublished":"2023-11-13","dateModified":"2023-12-20","author":{"@type":"Person","@id":"https:\/\/www.wib.cz\/author\/#Person","name":"","url":"https:\/\/www.wib.cz\/author\/","identifier":1,"image":{"@type":"ImageObject","@id":"https:\/\/secure.gravatar.com\/avatar\/89f417dfbb336d235b856435ef935ffa51c2f646edc1f5c4e6fccf32a9c88173?s=96&d=mm&r=g","url":"https:\/\/secure.gravatar.com\/avatar\/89f417dfbb336d235b856435ef935ffa51c2f646edc1f5c4e6fccf32a9c88173?s=96&d=mm&r=g","height":96,"width":96}},"publisher":{"@type":"Organization","name":"wib.cz","logo":{"@type":"ImageObject","@id":"\/logo.png","url":"\/logo.png","width":600,"height":60}},"image":{"@type":"ImageObject","@id":"https:\/\/www.wib.cz\/wp-content\/uploads\/pexels-valeriia-miller-3151773_1.jpg","url":"https:\/\/www.wib.cz\/wp-content\/uploads\/pexels-valeriia-miller-3151773_1.jpg","height":0,"width":0},"url":"https:\/\/www.wib.cz\/ceho-si-vase-navsteva-u-vas-doma-nejvice-vsimne\/","about":["Business"],"wordCount":432,"articleBody":"   Kdy\u017e m\u00e1te v pl\u00e1nu uspo\u0159\u00e1dat n\u011bjakou rodinnou oslavu a pozvat v\u00edce host\u016f, budete si z\u0159ejm\u011b d\u011blat starosti s t\u00edm, aby byl v\u00e1\u0161 p\u0159\u00edbytek dostate\u010dn\u011b reprezentativn\u00ed. V prvn\u00ed \u0159ad\u011b mus\u00ed b\u00fdt uklizen\u00fd a \u010dist\u00fd. Nemus\u00edte m\u00edt obavy ohledn\u011b preferenc\u00ed va\u0161eho stylu, n\u011bkomu vyhovuje retro, jin\u00fd d\u00e1v\u00e1 p\u0159ednost modern\u011b, a toto neb\u00fdv\u00e1 probl\u00e9m pochopit, mnohem hor\u0161\u00ed je, kdy\u017e se host\u00e9 posad\u00ed do ob\u00fdv\u00e1ku a za\u010dnou si v\u0161\u00edmat n\u011bkter\u00fdch nep\u0159\u00edjemn\u00fdch detail\u016f.K\u0159iv\u011b vis\u00edc\u00ed obr\u00e1zek na st\u011bn\u011b nebo nep\u0159\u00edli\u0161 vyrovnan\u00e1 tri\u010dka do kom\u00ednku ve va\u0161\u00ed sk\u0159\u00edni \u2013 to neb\u00fdv\u00e1 d\u016fvodem k posuzov\u00e1n\u00ed va\u0161ich hygienick\u00fdch n\u00e1vyk\u016f a smyslu pro po\u0159\u00e1dek a harmonii, v tom probl\u00e9m nehledejte. Dokonce ani nedostate\u010dn\u011b vyle\u0161t\u011bn\u00fd n\u00e1bytek nebo prach na okenn\u00edch parapetech nen\u00ed t\u00edm, co budou va\u0161i host\u00e9 okukovat a komentovat, a mnohdy si nev\u0161imnou ani skvrn na potahu sedac\u00edch souprav a k\u0159esel, na nich\u017e sed\u00ed. Co je v\u0161ak upout\u00e1 na prvn\u00ed pohled docela bezpe\u010dn\u011b, je v\u00e1\u0161 koberec.Samoz\u0159ejm\u011b op\u011bt nem\u00e1me na mysli jeho vzor a barvu, jde o \u010distotu. A zde uhodila kosa na k\u00e1men, proto\u017ee tam, kde se koberce jen vys\u00e1vaj\u00ed pytl\u00edkov\u00fdm vysava\u010dem, tam to nebude s jeho \u010distotou \u017e\u00e1dn\u00e1 sl\u00e1va. Domn\u00edv\u00e1te se, \u017ee p\u0159eh\u00e1n\u00edme? Pak si uv\u011bdomte n\u011bkter\u00e1 nepopirateln\u00e1 z\u00e1kladn\u00ed fakta:Tam, kde se chod\u00ed naboso nebo v silonov\u00fdch pun\u010doch\u00e1ch \u010di v pono\u017ek\u00e1ch, co\u017e b\u00fdv\u00e1 na koberc\u00edch velmi \u010dast\u00e9, neubr\u00e1n\u00edte se p\u0159\u00edm\u00e9mu kontaktu kobercov\u00fdch vl\u00e1ken s potem na chodidlech. Spolu s nimi se tu vyskytuj\u00ed i bakterie, kter\u00e9 jej rozkl\u00e1daj\u00ed za vzniku sirn\u00fdch slou\u010denin. A z\u0159ejm\u011b u\u017e v\u00e1m nemus\u00edme d\u00e1le nic \u0159\u00edkat, pochop\u00edte, \u017ee koberec je textilie stejn\u011b jako va\u0161e pono\u017eky, a \u017ee kdy\u017e jej nepodrob\u00edte mokr\u00e9mu \u010di\u0161t\u011bn\u00ed koberc\u016f v Praze 4 Modr\u00fd \u017eralok, typick\u00fd pono\u017ekov\u00fd od\u00e9r zas\u00e1hne i va\u0161\u00ed podlahovou krytinu. A jakmile va\u0161e n\u00e1v\u0161t\u011bva uc\u00edt\u00ed ve va\u0161em byt\u011b z\u00e1van t\u00fdden nemyt\u00fdch bos\u00fdch chodidel, a sehne se ke koberci, odkud \u201ev\u00edtr fouk\u00e1\u201c, bude v\u0161em jasn\u00e9, \u017ee tady se koberec ne\u010distil p\u011bkn\u00fdch p\u00e1r m\u011bs\u00edc\u016f nebo mo\u017en\u00e1 i let.                                                                                                                                                                                                                                                                                                                                                                                          4.3\/5 - (9 votes)        "},{"@context":"https:\/\/schema.org\/","@type":"BreadcrumbList","itemListElement":[{"@type":"ListItem","position":1,"name":"\u010ceho si va\u0161e n\u00e1v\u0161t\u011bva u v\u00e1s doma nejv\u00edce v\u0161imne","item":"https:\/\/www.wib.cz\/ceho-si-vase-navsteva-u-vas-doma-nejvice-vsimne\/#breadcrumbitem"}]}]