[{"@context":"https:\/\/schema.org\/","@type":"Article","@id":"https:\/\/www.wib.cz\/autopujcovna-v-praze\/#Article","mainEntityOfPage":"https:\/\/www.wib.cz\/autopujcovna-v-praze\/","headline":"Autop\u016fj\u010dovna v Praze","name":"Autop\u016fj\u010dovna v Praze","description":"Je opravdu hodn\u011b lid\u00ed, kte\u0159\u00ed by cht\u011bli u\u0161et\u0159it tak\u00e9 n\u011bjak\u00e9 pen\u00edze. Podle m\u00e9ho n\u00e1zoru lid\u00e9 \u0161et\u0159\u00ed pen\u00edze hlavn\u011b kv\u016fli tomu, aby u\u0161et\u0159ili, proto\u017ee t\u0159eba nemaj\u00ed tolik pen\u011bz, aby si t\u0159eba mohli po\u0159\u00eddit n\u011bjak\u00fd kvalitn\u00ed v\u016fz. A v dne\u0161n\u00ed dob\u011b cht\u011bj\u00ed v\u0161ichni lid\u00e9 m\u00edt n\u011bjak\u00fd kvalitn\u00ed automobil, aby se za n\u011bj nemuseli styd\u011bt. J\u00e1 si nap\u0159\u00edklad [&hellip;]","datePublished":"2023-10-14","dateModified":"2023-11-14","author":{"@type":"Person","@id":"https:\/\/www.wib.cz\/author\/#Person","name":"","url":"https:\/\/www.wib.cz\/author\/","identifier":1,"image":{"@type":"ImageObject","@id":"https:\/\/secure.gravatar.com\/avatar\/89f417dfbb336d235b856435ef935ffa51c2f646edc1f5c4e6fccf32a9c88173?s=96&d=mm&r=g","url":"https:\/\/secure.gravatar.com\/avatar\/89f417dfbb336d235b856435ef935ffa51c2f646edc1f5c4e6fccf32a9c88173?s=96&d=mm&r=g","height":96,"width":96}},"publisher":{"@type":"Organization","name":"wib.cz","logo":{"@type":"ImageObject","@id":"\/logo.png","url":"\/logo.png","width":600,"height":60}},"image":{"@type":"ImageObject","@id":"https:\/\/www.wib.cz\/wp-content\/uploads\/traffic-7928920_1280.jpg","url":"https:\/\/www.wib.cz\/wp-content\/uploads\/traffic-7928920_1280.jpg","height":0,"width":0},"url":"https:\/\/www.wib.cz\/autopujcovna-v-praze\/","about":["Business"],"wordCount":456,"articleBody":"   Je opravdu hodn\u011b lid\u00ed, kte\u0159\u00ed by cht\u011bli u\u0161et\u0159it tak\u00e9 n\u011bjak\u00e9 pen\u00edze. Podle m\u00e9ho n\u00e1zoru lid\u00e9 \u0161et\u0159\u00ed pen\u00edze hlavn\u011b kv\u016fli tomu, aby u\u0161et\u0159ili, proto\u017ee t\u0159eba nemaj\u00ed tolik pen\u011bz, aby si t\u0159eba mohli po\u0159\u00eddit n\u011bjak\u00fd kvalitn\u00ed v\u016fz. A v dne\u0161n\u00ed dob\u011b cht\u011bj\u00ed v\u0161ichni lid\u00e9 m\u00edt n\u011bjak\u00fd kvalitn\u00ed automobil, aby se za n\u011bj nemuseli styd\u011bt. J\u00e1 si nap\u0159\u00edklad vzpom\u00edn\u00e1m, \u017ee kdy\u017e jsem m\u011bla je\u0161t\u011b automobil, tak byl opravdu hrozn\u00fd. Automobil se mi nel\u00edbil. A v\u016fbec v tom necht\u011blo jezdit, a dokonce jsem se tak\u00e9 styd\u011bla, tak\u017ee kdy\u017e jsem n\u011bkam jela t\u0159eba za p\u0159\u00e1teli a nebo do \u0161koly, tak jsem n\u011bkde parkovala \u00fapln\u011b v jin\u00e9 ulici, aby nikdo nevid\u011bl jak \u0161kared\u00e9 auto m\u00e1m.M\u011blo tam opravdu hodn\u011b kosmetick\u00fdch chyb a tak\u00e9 jeho karoserie u\u017e nebyla zrovna nejv\u00edce rovn\u00e1, proto\u017ee bylo dvakr\u00e1t bouran\u00e9. Nebylo bouran\u00e9 mnou, ale bylo bouran\u00e9 prvn\u00edm majitelem. A j\u00e1 jsem ale v t\u00e9 dob\u011b nem\u011bla moc pen\u011bz, tak\u017ee jsem si takovou ojetinu koupila za patn\u00e1ct tis\u00edc korun. Mnoho lid\u00ed se mi sm\u00e1l, \u017ee jsem za takovou popelnici dala tolik tis\u00edc korun, ale co jsem m\u011bla d\u011blat? Od t\u00e9 doby jsem si \u0159ekla, \u017ee si rad\u011bji na\u0161et\u0159\u00edm na n\u011bjak\u00e9 lep\u0161\u00ed auto. Prozat\u00edm, kdy\u017e jsem t\u0159eba jezdila do pr\u00e1ce, tak jsem si ob\u010das p\u016fj\u010dila tak\u00e9 v levn\u00e9 autop\u016fj\u010dovn\u011b v Praze automobil. Jsem r\u00e1da, \u017ee existuj\u00ed levn\u00e9 autop\u016fj\u010dovny v Praze, proto\u017ee si absolutn\u011b nedok\u00e1\u017ei p\u0159edstavit, kdybych t\u0159eba jela n\u011bkam na rande a p\u0159ijela bych tam s takovou chatrnou popelnic\u00ed. Poka\u017ed\u00e9, kdy\u017e jsem jela na n\u011bjakou d\u016fle\u017eitou pracovn\u00ed sch\u016fzku, tak jsem si p\u016fj\u010dila v levn\u00e9 autop\u016fj\u010dovny v Praze automobil, kter\u00fd se mi opravdu hodn\u011b l\u00edbil. M\u00e1m r\u00e1da takov\u00e9 lep\u0161\u00ed zna\u010dky, jenom\u017ee j\u00e1 vlastn\u00ed auto takov\u00e9 luxusn\u00ed zna\u010dky si nem\u016f\u017eu v\u016fbec po\u0159\u00eddit. Tak jsem r\u00e1da, \u017ee alespo\u0148 si m\u016f\u017eu vyp\u016fj\u010dit auto v t\u00e9 nejlevn\u011bj\u0161\u00ed pra\u017esk\u00e9 autop\u016fj\u010dovn\u011b. A kdy\u017e u\u017e jsme u t\u00e9 autop\u016fj\u010dovny v Praze, tak\u00e9 jste vyu\u017eili n\u011bkde n\u011bjakou autop\u016fj\u010dovnu? Pokud ne, tak je to \u0161koda, proto\u017ee je to velice p\u0159\u00edjemn\u00e9. Vlastn\u011b se nemus\u00edte skoro o nic starat. Auto u\u017e je poji\u0161t\u011bn\u00e9 a m\u016f\u017eete si takhle u\u017e\u00edvat j\u00edzdu kvalitn\u00edm automobilem.                                                                                                                                                                                                                                                                                                                                                                                           4.3\/5 - (10 votes)        "},{"@context":"https:\/\/schema.org\/","@type":"BreadcrumbList","itemListElement":[{"@type":"ListItem","position":1,"name":"Autop\u016fj\u010dovna v Praze","item":"https:\/\/www.wib.cz\/autopujcovna-v-praze\/#breadcrumbitem"}]}]